{"id":1076,"date":"2016-06-22T14:50:49","date_gmt":"2016-06-22T12:50:49","guid":{"rendered":"http:\/\/organizacijska-energija.si\/?p=1076"},"modified":"2016-06-22T14:50:49","modified_gmt":"2016-06-22T12:50:49","slug":"projekt-skozi-pogled-ga-danijele-brecko-vodje-projekta","status":"publish","type":"post","link":"https:\/\/organizacijska-energija.si\/index.php\/2016\/06\/22\/projekt-skozi-pogled-ga-danijele-brecko-vodje-projekta\/","title":{"rendered":"Projekt skozi pogled ga. Danijele Bre\u010dko, vodje projekta"},"content":{"rendered":"<p style=\"text-align: justify;\">Letos bo minilo \u017ee 10-to leto odkar smo v Sloveniji prvi\u010d preverili stanje organizacijske energije v\u00a0 na\u0161ih podjetjih in organizacijah. Do sedaj smo energijske naboje organizacij in podjetji\u00a0 preverili dvakrat, letos pa sledi tretje merjenje, ki bo nekoliko raz\u0161irjeno in druga\u010dno. Ob tej posebni prilo\u017enosti smo spregovorili z vodjo projekta\u00a0 Organizacijska energija, dr. Danijelo Bre\u010dko in ji zastavili nekaj vpra\u0161anj.<\/p>\n<p style=\"text-align: justify;\"><strong><em>Ste za\u010detnica raziskovanja organizacijske energije v Sloveniji. Kako, da ste se odlo\u010dili raziskovati to podro\u010dje?<\/em><\/strong><\/p>\n<p style=\"text-align: justify;\">Po du\u0161i sem raziskovalka in kot tako me pritegnejo nove stvari. \u017de leta 2005 sem v strokovni literaturi zasledila nov pojem organizacijske energije in za\u010dela sem ga intenzivno preu\u010devati. Med drugimi so se s tem pojavom ukvarjali \u00a0in se \u0161e ukvarjajo tudi svetovni\u00a0 guruji managementa kot je dr. Sumantra Ghosal, dr. Henry Mintzberg, dr. Heike Bruch, \u00a0Ari Weinzweig, Zingerman\u2019s, \u00a0Stanton Marris\u2026 Za\u010delo pa se je tako, da so me njihovi \u010dlanki in razprave \u00bbkar sami na\u0161li\u00ab.\u00a0 Prav tako so mi veliko pomagali prijatelji in znanci, ki so mi po\u0161iljali dodatno literaturo na tem podro\u010dju. Imela sem tudi to \u010dast, da sem osebno spoznala dr. Heike Bruch in z njo sodelovala pri prvi in drugi raziskavi, kjer\u00a0 se je dokon\u010dno izkristaliziral moj koncept organizacijske energije. Koncept tako upo\u0161teva tako na\u0161e slovenske posebnosti kot tudi preteklo zgodovino na podro\u010dju raziskovanja\u00a0 motiviranosti in zavzetosti zaposlenih pri delu v Sloveniji. Pri oblikovanju koncepta pa so mi slu\u017eila spoznanja vseh mojih predhodnikov. Poleg tega sem koncept\u00a0 iz\u00a0 organizacijskega nivoja nadgradila tudi na osebni nivo, tako da danes\u00a0 z mojim konceptom lahko merimo oboje, tako organizacijsko energijo kot tudi osebno energijo.\u00a0 Zlasti pomenljiva pa je primerjava med rezultati merjenja\u00a0\u00a0 organizacijske energije ter osebne energije vodstvenega kadra \u2013\u00a0 prepoznane so namre\u010d visoke korelacije, kar pomeni, da je stanje organizacijske energije pravzaprav skorajda identi\u010dno stanju osebne energije vodje.\u00a0 Moram re\u010di, da so rezultati tudi mene presenetili in mi tako odprli nove razse\u017enosti izzivov na podro\u010dju razvoja voditeljstva.<\/p>\n<p style=\"text-align: justify;\"><strong><em>Predeno se osredoto\u010dimo na leto\u0161nji projekt, bi vas prosili, \u010de nam lahko opi\u0161ete, kak\u0161no je bilo stanje organizacijske energije v slovenskih podjetjih v preteklih letih.<\/em><\/strong><\/p>\n<p style=\"text-align: justify;\">V preteklih letih je bilo stanje organizacijske energije precej\u00a0 dinami\u010dno. Naj predstavim konkretne rezultate dveh dosedanjih nacionalnim merjenj kar z grafoma:<\/p>\n<p style=\"text-align: justify;\"><img decoding=\"async\" class=\"wp-image-1077 aligncenter lazyload\" data-src=\"http:\/\/organizacijska-energija.si\/wp-content\/uploads\/2016\/06\/11-300x261.png\" alt=\"11\" width=\"316\" height=\"275\" data-srcset=\"https:\/\/organizacijska-energija.si\/wp-content\/uploads\/2016\/06\/11-300x261.png 300w, https:\/\/organizacijska-energija.si\/wp-content\/uploads\/2016\/06\/11.png 544w\" data-sizes=\"(max-width: 316px) 100vw, 316px\" src=\"data:image\/svg+xml;base64,PHN2ZyB3aWR0aD0iMSIgaGVpZ2h0PSIxIiB4bWxucz0iaHR0cDovL3d3dy53My5vcmcvMjAwMC9zdmciPjwvc3ZnPg==\" style=\"--smush-placeholder-width: 316px; --smush-placeholder-aspect-ratio: 316\/275;\" \/><\/p>\n<p style=\"text-align: justify;\"><img decoding=\"async\" class=\"wp-image-1078 aligncenter lazyload\" data-src=\"http:\/\/organizacijska-energija.si\/wp-content\/uploads\/2016\/06\/12-300x246.png\" alt=\"12\" width=\"318\" height=\"260\" data-srcset=\"https:\/\/organizacijska-energija.si\/wp-content\/uploads\/2016\/06\/12-300x246.png 300w, https:\/\/organizacijska-energija.si\/wp-content\/uploads\/2016\/06\/12.png 578w\" data-sizes=\"(max-width: 318px) 100vw, 318px\" src=\"data:image\/svg+xml;base64,PHN2ZyB3aWR0aD0iMSIgaGVpZ2h0PSIxIiB4bWxucz0iaHR0cDovL3d3dy53My5vcmcvMjAwMC9zdmciPjwvc3ZnPg==\" style=\"--smush-placeholder-width: 318px; --smush-placeholder-aspect-ratio: 318\/260;\" \/><\/p>\n<p style=\"text-align: justify;\">\n<p style=\"text-align: justify;\">Kot\u00a0 je razvidno iz grafov, Slovenijo vle\u010de v vse smeri pribli\u017eno enako.\u00a0 Leta 2006 smo imeli izjemno visoko\u00a0 lestvico korozivne oz. razjedajo\u010de\u00a0 energije , kar 56 odstotkov smo jo namerili na lestvici od 0-100 odstotkov (vse energije smo merili na lestvici od 0-100 odstotkov), nato je sledila\u00a0 lestvica produktivne energije, kjer smo dosegli rezultat 48 odstotkov,\u00a0 energija udobne inertnosti ter\u00a0 energije ravnodu\u0161ne inertnosti (malodu\u0161ja) pa je bilo skorajda enako 36 oz 35\u00a0 odstotkov.<\/p>\n<p style=\"text-align: justify;\">\u010cez 5 let, torej leta 2011 je bila slika \u017ee nekoliko druga\u010dna in sicer smo namerili najve\u010d\u00a0 produktivne energije, \u017ee 69 odstotkov. Le ta je torej precej narasla, \u017eal pa je naraslo tudi malodu\u0161je in sicer iz 35 odstotkov na 49 odstotkov, kar je zelo zaskrbljujo\u010de, saj je to najbolj nevarna energija, ki se lahko pojavi v organizaciji.<\/p>\n<p style=\"text-align: justify;\">Obe merjenji sta pokazali, da ima Slovenija na podro\u010dju organizacijske energije, kot edinega obnavljajo\u010dega se vira organizacije, \u0161e zelo veliko prilo\u017enosti za dvig produktivnosti in dobi\u010dkonosnosti.<\/p>\n<p style=\"text-align: justify;\">Naj pa povem, da sem po letu 2006 seveda merila energijo tudi v posameznih organizacijah, kjer pa so bili rezultati zelo razli\u010dni, med drugimi smo izbranem IT podjetju namerili tudi precej bolj\u0161i energijski indeks\u00a0 kot je povpre\u010dje 10 najbolj\u0161ih v Evropi leta 2012.<\/p>\n<p style=\"text-align: justify;\"><strong><em>Letos bo merjenje organizacijske energije potekalo \u017ee tretji\u010d. Nam lahko vseeno na hitro opi\u0161ete teoreti\u010den okvir, ki se nahaja v ozadju projekta?\u00a0 <\/em><\/strong><\/p>\n<p style=\"text-align: justify;\">V projektu\u00a0 zdru\u017eujemo dva teoreti\u010dna okvirja in sicer organizacijsko raven, kjer\u00a0 izhajamo iz predpostavke, da\u00a0 ljudje prina\u0161ajo v organizacijo svojo naravno osebno energijo, ki jo nato v organizaciji okrepijo in oja\u010dajo, ali pa lahko tudi obratno, organizacija jim lahko energijo tudi odvzame oz. spremeni njihovo intenziteto oz. smer. Pri tem izhajamo iz lastnih spoznanj, da ja\u010danje energije omogo\u010dajo\u00a0<strong>povezanost, torej medosebni odnosi<\/strong> ter <strong>vsebina dela<\/strong>, v kateri mora posameznik najti smisel, na drugi strani pa jo uspe\u0161no zadr\u017eimo s pomo\u010djo ustrezne <strong>klime<\/strong> ter <strong>konteksta<\/strong>, ki ga je organizacija ustvarila. \u00a0Vsa ta prelivanja energije, ustvarjajo tudi posebno energijsko \u00a0dinamiko, ki se izkazuje skozi\u00a0 energijsko matriko, ki jo dolo\u010da smer in mo\u010d energije in kjer lahko govorimo o \u0161tirih vrstah energije v organizacijah kot jih prikazuje spodnja matrika.<\/p>\n<p style=\"text-align: justify;\"><img decoding=\"async\" class=\"size-medium wp-image-1079 aligncenter lazyload\" data-src=\"http:\/\/organizacijska-energija.si\/wp-content\/uploads\/2016\/06\/123-300x234.png\" alt=\"123\" width=\"300\" height=\"234\" data-srcset=\"https:\/\/organizacijska-energija.si\/wp-content\/uploads\/2016\/06\/123-300x234.png 300w, https:\/\/organizacijska-energija.si\/wp-content\/uploads\/2016\/06\/123.png 456w\" data-sizes=\"(max-width: 300px) 100vw, 300px\" src=\"data:image\/svg+xml;base64,PHN2ZyB3aWR0aD0iMSIgaGVpZ2h0PSIxIiB4bWxucz0iaHR0cDovL3d3dy53My5vcmcvMjAwMC9zdmciPjwvc3ZnPg==\" style=\"--smush-placeholder-width: 300px; --smush-placeholder-aspect-ratio: 300\/234;\" \/><\/p>\n<p style=\"text-align: justify;\">\n<p style=\"text-align: justify;\">Vsaka energijska lestvica pa je sporo\u010dilo samo zase in daje organizaciji jasne signale, kam odteka energija oz. na drugi strani tudi kako energijski indeks izbolj\u0161ati s pomo\u010djo dela z viri energije.<\/p>\n<p style=\"text-align: justify;\"><strong><em>Kak\u0161ne novosti pa lahko pri\u010dakujemo ob leto\u0161njem merjenju?<\/em><\/strong><\/p>\n<p style=\"text-align: justify;\">Novosti\u00a0 je ve\u010d;\u00a0 merjenje poteka po posodobljenem konceptu, kjer ne identificiramo le stanja razli\u010dnih energijskih lestvic, ampak opazujemo tudi vire energije in njihovo stanje. Kljub vsemu pa bomo imeli tudi\u00a0 splo\u0161no primerjavo\u00a0 z leti 2006 in 2011.<\/p>\n<p style=\"text-align: justify;\">Prav tako merjenje poteka\u00a0 v\u00a0 5 razli\u010dnih globalnih panogah, kar bo omogo\u010dilo tudi primerjavo podjetja oz. organizacije s panogo v Sloveniji. \u00a0Za kasnej\u0161a leta predvidevamo, da bomo omogo\u010dili tudi primerjavo s panogami JV Evrope oz. tudi \u0161ir\u0161e v Evropi.<\/p>\n<p style=\"text-align: justify;\">Letos smo na novo identificirali tudi enotni indeks organizacijske energije, kar bo omogo\u010dalo la\u017ejo primerljivost podjetij.<\/p>\n<p style=\"text-align: justify;\"><strong><em>\u010ce bi vas neko podjetje vpra\u0161alo za mnenje ob dilemi ali naj se vklju\u010dijo v raziskavo ali ne, kaj bi mu svetovali? Katere prednosti za podjetje bi izpostavili?<\/em><\/strong><\/p>\n<p style=\"text-align: justify;\">Spla\u010da se sodelovati \u017ee zaradi tega, ker podjetje (management) pridobi osnovno sliko energijskega stanja v organizaciji in s tem tudi prilo\u017enost, da v primeru neugodnega energijskega stanja ustrezno ukrepa.<\/p>\n<p style=\"text-align: justify;\">Z jasno sliko organizacijske energije pridobi tudi jasen podatek o stanju produktivnosti kot tudi orodja, kako jo izbolj\u0161ati.<\/p>\n<p style=\"text-align: justify;\">S sodelovanjem v raziskavi izka\u017ee tudi svojo skrb za zaposlene, saj je \u017ee dolgo jasno, da toliko kolikor je uspe\u0161en posameznik, toliko je organizacija uspe\u0161na navzven.<\/p>\n<p style=\"text-align: justify;\">Primerjali se bodo lahko s kolegi v panogi in med panogami.<\/p>\n<p style=\"text-align: justify;\">Na zaklju\u010dnem dogodku bomo tudi predstavili ustrezne strategije za dvig in zadr\u017eevanje produktivne energije, kar je\u00a0\u00a0 posebna prednost za vse sodelujo\u010de v raziskavi. \u0160e posebej pa se veselim predstavitve najbolj\u0161ih praks in izmenjave izku\u0161enj.<\/p>\n<p style=\"text-align: justify;\"><strong><em>Katera podjetja in organizacije pa se lahko vklju\u010dijo v va\u0161 projekt? <\/em><\/strong><\/p>\n<p style=\"text-align: justify;\">V projekt se lahko vklju\u010dijo vsa podjetja in organizacije, tako mikro, majhna in srednja podjetja kot organizacije javnega sektorja.<\/p>\n<p style=\"text-align: justify;\"><strong><em>Bodo dobljeni rezultati primerljivi tudi z rezultati iz tujih dr\u017eav?<\/em><\/strong><\/p>\n<p style=\"text-align: justify;\">V leto\u0161njem letu bodo le v manj\u0161em delu primerljivi, za drugo leto pa na\u010drtujemo raz\u0161iritev projekta tudi v Evropo.<\/p>\n<p style=\"text-align: justify;\"><strong><em>Na podlagi raziskave bodo pridobljeni podatki, ki bodo ustvari celovito sliko o stanju v Sloveniji. Kje bo javnost lahko izvedela ve\u010d o teh rezultatih?<\/em><\/strong><\/p>\n<p style=\"text-align: justify;\">Sumarni rezultati, torej za Slovenijo ter razli\u010dne panoge, bodo javno objavljeni na portalu Organizacijska energija kot tudi v strokovnem mediju reviji HRM. Posamezne izsledke pa bomo objavljali tudi v dnevnem \u010dasopisju in nadejamo se, da bo o njih poro\u010dala tudi nacionalna TV.<\/p>\n<p style=\"text-align: justify;\"><strong><em>Kaj bo sledilo potem, ko bo stanje opredeljeno in bomo vedeli kak\u0161na je organizacijska energija v Sloveniji?<\/em><\/strong><\/p>\n<p style=\"text-align: justify;\">Krepili bomo zavedanje o pomenu organizacijske energije s predstavitvijo najbolj\u0161ih praks kot tudi pomagali podjetjem pri definiranju strategij za izbolj\u0161anje organizacijske energije. Na podlagi nau\u010denega\u00a0 bomo projekt s pomo\u010djo partnerjev nadgradili na mednarodno raven in ga oblikovali v tradicionalno letno akcijo, kajpak z izmenjavo mednarodnih primerjav.<\/p>\n<p style=\"text-align: justify;\">\u017delimo si oblikovati klub podjetij z dobrim indeksom organizacijske energije, ki bodo \u017eiveli s projektom in \u0161irili koncept v vsakdanje prakse. Ne samo zaradi dobrega imena, ampak tudi zato, ker je dokazano, da dobra organizacijska energija prispeva k uspe\u0161nosti in ve\u010dji dobi\u010dkonosnosti podjetja.<\/p>\n<p style=\"text-align: justify;\"><strong><em>\u0160e preden bodo zbrani in znani rezultati pa nas zanima, kako bi vi opisali prihodnost organizacijske energije v slovenskih podjetjih in organizacijah? <\/em><\/strong><\/p>\n<p style=\"text-align: justify;\">Veliko se gibljem med slovenskimi podjetji in organizacijami in lahko re\u010dem,\u00a0 da je zavedanje o pomenu mehkih dejavnikov ter njihovem vplivu na trdne finan\u010dne kazalnike vsak dan ve\u010dje. To me zelo veseli. \u00a0Tako menim, da bomo letos namerili precej bolj\u0161o organizacijsko energijo kot leta 2011. Zagotovo bodo zanimive razlike med panogami.\u00a0 Prav tako pri\u010dakujem precej\u0161nje razlike med javnim in gospodarskim sektorjem. Zelo si \u017eelim, da se zni\u017ea raven malodu\u0161ja v Sloveniji in da poka\u017eemo ve\u010d \u00a0produktivne energije. Glede na to, da opa\u017eam ve\u010d sodelovanja in povezovanja tako med ljudmi kot med organizacijami, menim, da bomo to dokazali tudi v raziskavi.<\/p>\n<p style=\"text-align: justify;\">Vse kar bomo namerili pa bo zagotovo ponudilo prilo\u017enost, da najdemo ustrezne strategije, da se povzpnemo vi\u0161je. Saj veste, vse kar lahko izmerimo, lahko tudi izbolj\u0161amo.<\/p>\n<hr \/>\n<p style=\"text-align: justify;\">Bi tudi vi radi preverili kak\u0161no je stanje energije v va\u0161em podjetju? Bi radi prepre\u010dili energetski mrk? Sedaj imate odli\u010dno prilo\u017enost. Vklju\u010dite se v Nacionalno merjenje organizacijske energije. Kako? Preverite <a href=\"http:\/\/organizacijska-energija.si\/index.php\/prijava\/\">tukaj.<\/a><\/p>\n<p style=\"text-align: justify;\">Prav tako se lahko naro\u010dite na prejemanje novic, ki se nana\u0161ajo na projekt in tematiko organizacijske energije. V spodnji okvir samo vnesite va\u0161 email naslov.<\/p>\n<p style=\"text-align: justify;\"><div class=\"frm_forms \" id=\"frm_form_5_container\" >\n<form enctype=\"multipart\/form-data\" method=\"post\" class=\"frm-show-form \" id=\"form_p1f8g\" >\n<div class=\"frm_form_fields \">\n<fieldset>\n<legend class=\"frm_hidden\">Newsletter-blog<\/legend>\r\n\r\n<div class=\"frm_fields_container\">\n<input type=\"hidden\" name=\"frm_action\" value=\"create\" \/>\n<input type=\"hidden\" name=\"form_id\" value=\"5\" \/>\n<input type=\"hidden\" name=\"frm_hide_fields_5\" id=\"frm_hide_fields_5\" value=\"\" \/>\n<input type=\"hidden\" name=\"form_key\" value=\"p1f8g\" \/>\n<input type=\"hidden\" name=\"item_meta[0]\" value=\"\" \/>\n<input type=\"hidden\" id=\"frm_submit_entry_5\" name=\"frm_submit_entry_5\" value=\"787dbf6094\" \/><input type=\"hidden\" name=\"_wp_http_referer\" value=\"\/index.php\/wp-json\/wp\/v2\/posts\/1076\" \/><div id=\"frm_field_32_container\" class=\"frm_form_field form-field  frm_top_container\">\r\n    <label for=\"field_z8l85\" class=\"frm_primary_label\">Va\u0161 elektronski naslov\r\n        <span class=\"frm_required\"><\/span>\r\n    <\/label>\r\n    <input type=\"text\" id=\"field_z8l85\" name=\"item_meta[32]\" value=\"\"  data-invmsg=\"Va\u0161 elektronski naslov is invalid\" aria-invalid=\"false\"  \/>\r\n    \r\n    \r\n<\/div>\n<div id=\"frm_field_87_container\" class=\"frm_form_field form-field  frm_none_container\">\r\n    <label  class=\"frm_primary_label\">reCAPTCHA\r\n        <span class=\"frm_required\"><\/span>\r\n    <\/label>\r\n    <div  id=\"field_anyp1\" class=\"frm-g-recaptcha\" data-sitekey=\"6Lcl_F4lAAAAAMc9ueh2CqfCQGq9VjCzuE8VSFzf\" data-size=\"normal\" data-theme=\"light\"><\/div>\r\n    \r\n    \r\n<\/div>\n\t<input type=\"hidden\" name=\"item_key\" value=\"\" \/>\n\t\t\t<div id=\"frm_field_95_container\">\n\t\t\t<label for=\"field_hwn8o\" >\n\t\t\t\tIf you are human, leave this field blank.\t\t\t<\/label>\n\t\t\t<input  id=\"field_hwn8o\" type=\"text\" class=\"frm_form_field form-field frm_verify\" name=\"item_meta[95]\" value=\"\"  \/>\n\t\t<\/div>\n\t\t<input name=\"frm_state\" type=\"hidden\" value=\"pXfeWHn4I2pdN2Xe+Yw3V6UCcgRsXg3XTYMdi49aCqw=\" \/><div class=\"frm_submit\">\r\n\r\n<input type=\"submit\" value=\"Oddaj\"  \/>\r\n<img decoding=\"async\" class=\"frm_ajax_loading lazyload\" data-src=\"https:\/\/organizacijska-energija.si\/wp-content\/plugins\/formidable\/images\/ajax_loader.gif\" alt=\"Sending\" src=\"data:image\/svg+xml;base64,PHN2ZyB3aWR0aD0iMSIgaGVpZ2h0PSIxIiB4bWxucz0iaHR0cDovL3d3dy53My5vcmcvMjAwMC9zdmciPjwvc3ZnPg==\" \/>\r\n\r\n<\/div><\/div>\n<\/fieldset>\n<\/div>\n\n<\/form>\n<\/div>\n","protected":false},"excerpt":{"rendered":"<p>Letos bo minilo \u017ee 10-to leto odkar smo v Sloveniji prvi\u010d preverili stanje organizacijske energije v\u00a0 na\u0161ih podjetjih in organizacijah. Do sedaj smo energijske naboje organizacij in podjetji\u00a0 preverili dvakrat, letos pa sledi tretje merjenje, ki bo nekoliko raz\u0161irjeno in druga\u010dno. Ob tej posebni prilo\u017enosti smo spregovorili z vodjo projekta\u00a0 Organizacijska energija, dr. Danijelo Bre\u010dko&nbsp;<\/p>\n<p><a class=\"btn btn-style\" href=\"https:\/\/organizacijska-energija.si\/index.php\/2016\/06\/22\/projekt-skozi-pogled-ga-danijele-brecko-vodje-projekta\/\">Preberite ve\u010d&#8230;.<\/a><\/p>\n","protected":false},"author":1,"featured_media":1081,"comment_status":"open","ping_status":"open","sticky":false,"template":"","format":"standard","meta":{"footnotes":""},"categories":[1],"tags":[22,20,24,30,34,23,46,26,33],"class_list":["post-1076","post","type-post","status-publish","format-standard","has-post-thumbnail","hentry","category-uncategorized","tag-delovna-uspesnost","tag-energija","tag-merjenje","tag-produktivna-energija","tag-rezultati","tag-uspeh","tag-vodstvo","tag-vrste-organizacijske-energije","tag-zgodovina-raziskovanja"],"aioseo_notices":[],"acf":[],"_links":{"self":[{"href":"https:\/\/organizacijska-energija.si\/index.php\/wp-json\/wp\/v2\/posts\/1076","targetHints":{"allow":["GET"]}}],"collection":[{"href":"https:\/\/organizacijska-energija.si\/index.php\/wp-json\/wp\/v2\/posts"}],"about":[{"href":"https:\/\/organizacijska-energija.si\/index.php\/wp-json\/wp\/v2\/types\/post"}],"author":[{"embeddable":true,"href":"https:\/\/organizacijska-energija.si\/index.php\/wp-json\/wp\/v2\/users\/1"}],"replies":[{"embeddable":true,"href":"https:\/\/organizacijska-energija.si\/index.php\/wp-json\/wp\/v2\/comments?post=1076"}],"version-history":[{"count":0,"href":"https:\/\/organizacijska-energija.si\/index.php\/wp-json\/wp\/v2\/posts\/1076\/revisions"}],"wp:featuredmedia":[{"embeddable":true,"href":"https:\/\/organizacijska-energija.si\/index.php\/wp-json\/wp\/v2\/media\/1081"}],"wp:attachment":[{"href":"https:\/\/organizacijska-energija.si\/index.php\/wp-json\/wp\/v2\/media?parent=1076"}],"wp:term":[{"taxonomy":"category","embeddable":true,"href":"https:\/\/organizacijska-energija.si\/index.php\/wp-json\/wp\/v2\/categories?post=1076"},{"taxonomy":"post_tag","embeddable":true,"href":"https:\/\/organizacijska-energija.si\/index.php\/wp-json\/wp\/v2\/tags?post=1076"}],"curies":[{"name":"wp","href":"https:\/\/api.w.org\/{rel}","templated":true}]}}